{"id":641,"date":"2025-05-29T19:10:37","date_gmt":"2025-05-29T17:10:37","guid":{"rendered":"https:\/\/noelencirque.org\/?p=641"},"modified":"2025-05-29T19:26:38","modified_gmt":"2025-05-29T17:26:38","slug":"lorchestre-de-cirque-en-2-rives","status":"publish","type":"post","link":"https:\/\/noelencirque.org\/index.php\/2025\/05\/29\/lorchestre-de-cirque-en-2-rives\/","title":{"rendered":"L&rsquo;Orchestre De Cirque En 2 Rives"},"content":{"rendered":"<div class=\"wp-block-image\">\n<figure class=\"aligncenter size-large\"><img decoding=\"async\" width=\"814\" height=\"1024\" data-src=\"https:\/\/noelencirque.org\/wp-content\/uploads\/2025\/05\/LOrchestreDeCirqueEn2Rives-814x1024.webp\" alt=\"\" class=\"wp-image-642 lazyload\" data-srcset=\"https:\/\/noelencirque.org\/wp-content\/uploads\/2025\/05\/LOrchestreDeCirqueEn2Rives-814x1024.webp 814w, https:\/\/noelencirque.org\/wp-content\/uploads\/2025\/05\/LOrchestreDeCirqueEn2Rives-238x300.webp 238w, https:\/\/noelencirque.org\/wp-content\/uploads\/2025\/05\/LOrchestreDeCirqueEn2Rives-768x966.webp 768w, https:\/\/noelencirque.org\/wp-content\/uploads\/2025\/05\/LOrchestreDeCirqueEn2Rives-1221x1536.webp 1221w, https:\/\/noelencirque.org\/wp-content\/uploads\/2025\/05\/LOrchestreDeCirqueEn2Rives-1140x1434.webp 1140w, https:\/\/noelencirque.org\/wp-content\/uploads\/2025\/05\/LOrchestreDeCirqueEn2Rives.webp 1526w\" data-sizes=\"(max-width: 814px) 100vw, 814px\" src=\"data:image\/svg+xml;base64,PHN2ZyB3aWR0aD0iMSIgaGVpZ2h0PSIxIiB4bWxucz0iaHR0cDovL3d3dy53My5vcmcvMjAwMC9zdmciPjwvc3ZnPg==\" style=\"--smush-placeholder-width: 814px; --smush-placeholder-aspect-ratio: 814\/1024;\" \/><\/figure>\n<\/div>\n\n\n<div style=\"height:37px\" aria-hidden=\"true\" class=\"wp-block-spacer\"><\/div>\n\n\n\n<p class=\"has-text-align-center\">Pour la 3 \u00e8me fois, notre spectacle CIRQUE EN 2 RIVES se d\u00e9roulera sous chapiteau, route des charretiers \u00e0 VALENCE D&rsquo;AGEN du 29 novembre au 14 d\u00e9cembre 2025.<br>Ce grand \u00e9v\u00e9nement mettra, une fois de plus, en lumi\u00e8re de grands num\u00e9ros et artistes prim\u00e9s en Europe et dans le Monde dans la plus pure tradition circassienne. Cette ann\u00e9e, place \u00e0 l&rsquo;originalit\u00e9 pour le plus grand bonheur des petits et des grands.<br><strong>Le seul et unique spectacle de cirque traditionnel du sud ouest.<\/strong><\/p>\n\n\n\n<p class=\"has-text-align-center\"><mark style=\"background-color:rgba(0, 0, 0, 0)\" class=\"has-inline-color has-luminous-vivid-amber-color\"><strong>OH LA LA C EST BEAU DE FAIRE DU CIRQUE<\/strong> !<\/mark><\/p>\n\n\n\n<p class=\"has-text-align-center\">Nous avons l&rsquo;honneur de vous annoncer que le spectacle sera accompagn\u00e9 par notre orchestre de 7 musiciens jouant en live sous la direction de <strong>DAVID CAYROU<\/strong>.<\/p>\n\n\n\n<p><\/p>\n","protected":false},"excerpt":{"rendered":"<p>Pour la 3 \u00e8me fois, notre spectacle CIRQUE EN 2 RIVES se d\u00e9roulera sous chapiteau, route des charretiers \u00e0 VALENCE D&rsquo;AGEN du 29 novembre au 14 d\u00e9cembre 2025.Ce grand \u00e9v\u00e9nement mettra, une fois de plus, en lumi\u00e8re de grands num\u00e9ros et artistes prim\u00e9s en Europe et dans le Monde dans la plus pure tradition circassienne. Cette ann\u00e9e, place \u00e0 l&rsquo;originalit\u00e9 pour le plus grand bonheur des petits et des grands.Le seul et unique spectacle de cirque traditionnel du sud ouest. OH LA LA C EST BEAU DE FAIRE DU CIRQUE ! Nous avons l&rsquo;honneur de vous annoncer que le spectacle sera accompagn\u00e9 par notre orchestre de 7 musiciens jouant en live sous la direction de DAVID CAYROU.<\/p>\n","protected":false},"author":1,"featured_media":642,"comment_status":"closed","ping_status":"open","sticky":true,"template":"","format":"standard","meta":{"footnotes":""},"categories":[7],"tags":[],"class_list":["post-641","post","type-post","status-publish","format-standard","has-post-thumbnail","hentry","category-les-artistes-en-2025"],"yoast_head":"<!-- This site is optimized with the Yoast SEO plugin v27.4 - https:\/\/yoast.com\/product\/yoast-seo-wordpress\/ -->\n<title>L&#039;Orchestre De Cirque En 2 Rives - No\u00ebl en Cirque<\/title>\n<meta name=\"robots\" content=\"index, follow, max-snippet:-1, max-image-preview:large, max-video-preview:-1\" \/>\n<link rel=\"canonical\" href=\"https:\/\/noelencirque.org\/index.php\/2025\/05\/29\/lorchestre-de-cirque-en-2-rives\/\" \/>\n<meta property=\"og:locale\" content=\"fr_FR\" \/>\n<meta property=\"og:type\" content=\"article\" \/>\n<meta property=\"og:title\" content=\"L&#039;Orchestre De Cirque En 2 Rives - No\u00ebl en Cirque\" \/>\n<meta property=\"og:description\" content=\"Pour la 3 \u00e8me fois, notre spectacle CIRQUE EN 2 RIVES se d\u00e9roulera sous chapiteau, route des charretiers \u00e0 VALENCE D&rsquo;AGEN du 29 novembre au 14 d\u00e9cembre 2025.Ce grand \u00e9v\u00e9nement mettra, une fois de plus, en lumi\u00e8re de grands num\u00e9ros et artistes prim\u00e9s en Europe et dans le Monde dans la plus pure tradition circassienne. Cette ann\u00e9e, place \u00e0 l&rsquo;originalit\u00e9 pour le plus grand bonheur des petits et des grands.Le seul et unique spectacle de cirque traditionnel du sud ouest. OH LA LA C EST BEAU DE FAIRE DU CIRQUE ! Nous avons l&rsquo;honneur de vous annoncer que le spectacle sera accompagn\u00e9 par notre orchestre de 7 musiciens jouant en live sous la direction de DAVID CAYROU.\" \/>\n<meta property=\"og:url\" content=\"https:\/\/noelencirque.org\/index.php\/2025\/05\/29\/lorchestre-de-cirque-en-2-rives\/\" \/>\n<meta property=\"og:site_name\" content=\"No\u00ebl en Cirque\" \/>\n<meta property=\"article:publisher\" content=\"https:\/\/www.facebook.com\/profile.php?id=100093987205867\" \/>\n<meta property=\"article:published_time\" content=\"2025-05-29T17:10:37+00:00\" \/>\n<meta property=\"article:modified_time\" content=\"2025-05-29T17:26:38+00:00\" \/>\n<meta property=\"og:image\" content=\"https:\/\/noelencirque.org\/wp-content\/uploads\/2025\/05\/LOrchestreDeCirqueEn2Rives.webp\" \/>\n\t<meta property=\"og:image:width\" content=\"1526\" \/>\n\t<meta property=\"og:image:height\" content=\"1920\" \/>\n\t<meta property=\"og:image:type\" content=\"image\/webp\" \/>\n<meta name=\"author\" content=\"St\u00e9phan\" \/>\n<meta name=\"twitter:card\" content=\"summary_large_image\" \/>\n<meta name=\"twitter:label1\" content=\"\u00c9crit par\" \/>\n\t<meta name=\"twitter:data1\" content=\"St\u00e9phan\" \/>\n\t<meta name=\"twitter:label2\" content=\"Dur\u00e9e de lecture estim\u00e9e\" \/>\n\t<meta name=\"twitter:data2\" content=\"1 minute\" \/>\n<script type=\"application\/ld+json\" class=\"yoast-schema-graph\">{\"@context\":\"https:\\\/\\\/schema.org\",\"@graph\":[{\"@type\":\"Article\",\"@id\":\"https:\\\/\\\/noelencirque.org\\\/index.php\\\/2025\\\/05\\\/29\\\/lorchestre-de-cirque-en-2-rives\\\/#article\",\"isPartOf\":{\"@id\":\"https:\\\/\\\/noelencirque.org\\\/index.php\\\/2025\\\/05\\\/29\\\/lorchestre-de-cirque-en-2-rives\\\/\"},\"author\":{\"name\":\"St\u00e9phan\",\"@id\":\"https:\\\/\\\/noelencirque.org\\\/#\\\/schema\\\/person\\\/797bc8392a0126cfcc839b2601045dcb\"},\"headline\":\"L&rsquo;Orchestre De Cirque En 2 Rives\",\"datePublished\":\"2025-05-29T17:10:37+00:00\",\"dateModified\":\"2025-05-29T17:26:38+00:00\",\"mainEntityOfPage\":{\"@id\":\"https:\\\/\\\/noelencirque.org\\\/index.php\\\/2025\\\/05\\\/29\\\/lorchestre-de-cirque-en-2-rives\\\/\"},\"wordCount\":126,\"publisher\":{\"@id\":\"https:\\\/\\\/noelencirque.org\\\/#organization\"},\"image\":{\"@id\":\"https:\\\/\\\/noelencirque.org\\\/index.php\\\/2025\\\/05\\\/29\\\/lorchestre-de-cirque-en-2-rives\\\/#primaryimage\"},\"thumbnailUrl\":\"https:\\\/\\\/noelencirque.org\\\/wp-content\\\/uploads\\\/2025\\\/05\\\/LOrchestreDeCirqueEn2Rives.webp\",\"articleSection\":[\"Les artistes en 2025\"],\"inLanguage\":\"fr-FR\"},{\"@type\":\"WebPage\",\"@id\":\"https:\\\/\\\/noelencirque.org\\\/index.php\\\/2025\\\/05\\\/29\\\/lorchestre-de-cirque-en-2-rives\\\/\",\"url\":\"https:\\\/\\\/noelencirque.org\\\/index.php\\\/2025\\\/05\\\/29\\\/lorchestre-de-cirque-en-2-rives\\\/\",\"name\":\"L'Orchestre De Cirque En 2 Rives - No\u00ebl en Cirque\",\"isPartOf\":{\"@id\":\"https:\\\/\\\/noelencirque.org\\\/#website\"},\"primaryImageOfPage\":{\"@id\":\"https:\\\/\\\/noelencirque.org\\\/index.php\\\/2025\\\/05\\\/29\\\/lorchestre-de-cirque-en-2-rives\\\/#primaryimage\"},\"image\":{\"@id\":\"https:\\\/\\\/noelencirque.org\\\/index.php\\\/2025\\\/05\\\/29\\\/lorchestre-de-cirque-en-2-rives\\\/#primaryimage\"},\"thumbnailUrl\":\"https:\\\/\\\/noelencirque.org\\\/wp-content\\\/uploads\\\/2025\\\/05\\\/LOrchestreDeCirqueEn2Rives.webp\",\"datePublished\":\"2025-05-29T17:10:37+00:00\",\"dateModified\":\"2025-05-29T17:26:38+00:00\",\"breadcrumb\":{\"@id\":\"https:\\\/\\\/noelencirque.org\\\/index.php\\\/2025\\\/05\\\/29\\\/lorchestre-de-cirque-en-2-rives\\\/#breadcrumb\"},\"inLanguage\":\"fr-FR\",\"potentialAction\":[{\"@type\":\"ReadAction\",\"target\":[\"https:\\\/\\\/noelencirque.org\\\/index.php\\\/2025\\\/05\\\/29\\\/lorchestre-de-cirque-en-2-rives\\\/\"]}]},{\"@type\":\"ImageObject\",\"inLanguage\":\"fr-FR\",\"@id\":\"https:\\\/\\\/noelencirque.org\\\/index.php\\\/2025\\\/05\\\/29\\\/lorchestre-de-cirque-en-2-rives\\\/#primaryimage\",\"url\":\"https:\\\/\\\/noelencirque.org\\\/wp-content\\\/uploads\\\/2025\\\/05\\\/LOrchestreDeCirqueEn2Rives.webp\",\"contentUrl\":\"https:\\\/\\\/noelencirque.org\\\/wp-content\\\/uploads\\\/2025\\\/05\\\/LOrchestreDeCirqueEn2Rives.webp\",\"width\":1526,\"height\":1920,\"caption\":\"L'Orchestre De Cirque En 2 Rives\"},{\"@type\":\"BreadcrumbList\",\"@id\":\"https:\\\/\\\/noelencirque.org\\\/index.php\\\/2025\\\/05\\\/29\\\/lorchestre-de-cirque-en-2-rives\\\/#breadcrumb\",\"itemListElement\":[{\"@type\":\"ListItem\",\"position\":1,\"name\":\"Accueil\",\"item\":\"https:\\\/\\\/noelencirque.org\\\/\"},{\"@type\":\"ListItem\",\"position\":2,\"name\":\"L&rsquo;Orchestre De Cirque En 2 Rives\"}]},{\"@type\":\"WebSite\",\"@id\":\"https:\\\/\\\/noelencirque.org\\\/#website\",\"url\":\"https:\\\/\\\/noelencirque.org\\\/\",\"name\":\"No\u00ebl en Cirque\",\"description\":\"Oh l\u00e0 l\u00e0 l\u00e0 c&#039;est magnifique !\",\"publisher\":{\"@id\":\"https:\\\/\\\/noelencirque.org\\\/#organization\"},\"potentialAction\":[{\"@type\":\"SearchAction\",\"target\":{\"@type\":\"EntryPoint\",\"urlTemplate\":\"https:\\\/\\\/noelencirque.org\\\/?s={search_term_string}\"},\"query-input\":{\"@type\":\"PropertyValueSpecification\",\"valueRequired\":true,\"valueName\":\"search_term_string\"}}],\"inLanguage\":\"fr-FR\"},{\"@type\":\"Organization\",\"@id\":\"https:\\\/\\\/noelencirque.org\\\/#organization\",\"name\":\"No\u00ebl en Cirque\",\"url\":\"https:\\\/\\\/noelencirque.org\\\/\",\"logo\":{\"@type\":\"ImageObject\",\"inLanguage\":\"fr-FR\",\"@id\":\"https:\\\/\\\/noelencirque.org\\\/#\\\/schema\\\/logo\\\/image\\\/\",\"url\":\"https:\\\/\\\/noelencirque.org\\\/wp-content\\\/uploads\\\/2023\\\/10\\\/LOGO_NoelEnCirque_new.jpg\",\"contentUrl\":\"https:\\\/\\\/noelencirque.org\\\/wp-content\\\/uploads\\\/2023\\\/10\\\/LOGO_NoelEnCirque_new.jpg\",\"width\":536,\"height\":510,\"caption\":\"No\u00ebl en Cirque\"},\"image\":{\"@id\":\"https:\\\/\\\/noelencirque.org\\\/#\\\/schema\\\/logo\\\/image\\\/\"},\"sameAs\":[\"https:\\\/\\\/www.facebook.com\\\/profile.php?id=100093987205867\"]},{\"@type\":\"Person\",\"@id\":\"https:\\\/\\\/noelencirque.org\\\/#\\\/schema\\\/person\\\/797bc8392a0126cfcc839b2601045dcb\",\"name\":\"St\u00e9phan\",\"image\":{\"@type\":\"ImageObject\",\"inLanguage\":\"fr-FR\",\"@id\":\"https:\\\/\\\/secure.gravatar.com\\\/avatar\\\/941cdb528768650db7381917cdf6c89c5e727a8daa216fcb19fa6eaeb7509324?s=96&d=mm&r=g\",\"url\":\"https:\\\/\\\/secure.gravatar.com\\\/avatar\\\/941cdb528768650db7381917cdf6c89c5e727a8daa216fcb19fa6eaeb7509324?s=96&d=mm&r=g\",\"contentUrl\":\"https:\\\/\\\/secure.gravatar.com\\\/avatar\\\/941cdb528768650db7381917cdf6c89c5e727a8daa216fcb19fa6eaeb7509324?s=96&d=mm&r=g\",\"caption\":\"St\u00e9phan\"},\"sameAs\":[\"http:\\\/\\\/noelencirque.org\"],\"url\":\"https:\\\/\\\/noelencirque.org\\\/index.php\\\/author\\\/admin8784\\\/\"}]}<\/script>\n<!-- \/ Yoast SEO plugin. -->","yoast_head_json":{"title":"L'Orchestre De Cirque En 2 Rives - No\u00ebl en Cirque","robots":{"index":"index","follow":"follow","max-snippet":"max-snippet:-1","max-image-preview":"max-image-preview:large","max-video-preview":"max-video-preview:-1"},"canonical":"https:\/\/noelencirque.org\/index.php\/2025\/05\/29\/lorchestre-de-cirque-en-2-rives\/","og_locale":"fr_FR","og_type":"article","og_title":"L'Orchestre De Cirque En 2 Rives - No\u00ebl en Cirque","og_description":"Pour la 3 \u00e8me fois, notre spectacle CIRQUE EN 2 RIVES se d\u00e9roulera sous chapiteau, route des charretiers \u00e0 VALENCE D&rsquo;AGEN du 29 novembre au 14 d\u00e9cembre 2025.Ce grand \u00e9v\u00e9nement mettra, une fois de plus, en lumi\u00e8re de grands num\u00e9ros et artistes prim\u00e9s en Europe et dans le Monde dans la plus pure tradition circassienne. Cette ann\u00e9e, place \u00e0 l&rsquo;originalit\u00e9 pour le plus grand bonheur des petits et des grands.Le seul et unique spectacle de cirque traditionnel du sud ouest. OH LA LA C EST BEAU DE FAIRE DU CIRQUE ! Nous avons l&rsquo;honneur de vous annoncer que le spectacle sera accompagn\u00e9 par notre orchestre de 7 musiciens jouant en live sous la direction de DAVID CAYROU.","og_url":"https:\/\/noelencirque.org\/index.php\/2025\/05\/29\/lorchestre-de-cirque-en-2-rives\/","og_site_name":"No\u00ebl en Cirque","article_publisher":"https:\/\/www.facebook.com\/profile.php?id=100093987205867","article_published_time":"2025-05-29T17:10:37+00:00","article_modified_time":"2025-05-29T17:26:38+00:00","og_image":[{"width":1526,"height":1920,"url":"https:\/\/noelencirque.org\/wp-content\/uploads\/2025\/05\/LOrchestreDeCirqueEn2Rives.webp","type":"image\/webp"}],"author":"St\u00e9phan","twitter_card":"summary_large_image","twitter_misc":{"\u00c9crit par":"St\u00e9phan","Dur\u00e9e de lecture estim\u00e9e":"1 minute"},"schema":{"@context":"https:\/\/schema.org","@graph":[{"@type":"Article","@id":"https:\/\/noelencirque.org\/index.php\/2025\/05\/29\/lorchestre-de-cirque-en-2-rives\/#article","isPartOf":{"@id":"https:\/\/noelencirque.org\/index.php\/2025\/05\/29\/lorchestre-de-cirque-en-2-rives\/"},"author":{"name":"St\u00e9phan","@id":"https:\/\/noelencirque.org\/#\/schema\/person\/797bc8392a0126cfcc839b2601045dcb"},"headline":"L&rsquo;Orchestre De Cirque En 2 Rives","datePublished":"2025-05-29T17:10:37+00:00","dateModified":"2025-05-29T17:26:38+00:00","mainEntityOfPage":{"@id":"https:\/\/noelencirque.org\/index.php\/2025\/05\/29\/lorchestre-de-cirque-en-2-rives\/"},"wordCount":126,"publisher":{"@id":"https:\/\/noelencirque.org\/#organization"},"image":{"@id":"https:\/\/noelencirque.org\/index.php\/2025\/05\/29\/lorchestre-de-cirque-en-2-rives\/#primaryimage"},"thumbnailUrl":"https:\/\/noelencirque.org\/wp-content\/uploads\/2025\/05\/LOrchestreDeCirqueEn2Rives.webp","articleSection":["Les artistes en 2025"],"inLanguage":"fr-FR"},{"@type":"WebPage","@id":"https:\/\/noelencirque.org\/index.php\/2025\/05\/29\/lorchestre-de-cirque-en-2-rives\/","url":"https:\/\/noelencirque.org\/index.php\/2025\/05\/29\/lorchestre-de-cirque-en-2-rives\/","name":"L'Orchestre De Cirque En 2 Rives - No\u00ebl en Cirque","isPartOf":{"@id":"https:\/\/noelencirque.org\/#website"},"primaryImageOfPage":{"@id":"https:\/\/noelencirque.org\/index.php\/2025\/05\/29\/lorchestre-de-cirque-en-2-rives\/#primaryimage"},"image":{"@id":"https:\/\/noelencirque.org\/index.php\/2025\/05\/29\/lorchestre-de-cirque-en-2-rives\/#primaryimage"},"thumbnailUrl":"https:\/\/noelencirque.org\/wp-content\/uploads\/2025\/05\/LOrchestreDeCirqueEn2Rives.webp","datePublished":"2025-05-29T17:10:37+00:00","dateModified":"2025-05-29T17:26:38+00:00","breadcrumb":{"@id":"https:\/\/noelencirque.org\/index.php\/2025\/05\/29\/lorchestre-de-cirque-en-2-rives\/#breadcrumb"},"inLanguage":"fr-FR","potentialAction":[{"@type":"ReadAction","target":["https:\/\/noelencirque.org\/index.php\/2025\/05\/29\/lorchestre-de-cirque-en-2-rives\/"]}]},{"@type":"ImageObject","inLanguage":"fr-FR","@id":"https:\/\/noelencirque.org\/index.php\/2025\/05\/29\/lorchestre-de-cirque-en-2-rives\/#primaryimage","url":"https:\/\/noelencirque.org\/wp-content\/uploads\/2025\/05\/LOrchestreDeCirqueEn2Rives.webp","contentUrl":"https:\/\/noelencirque.org\/wp-content\/uploads\/2025\/05\/LOrchestreDeCirqueEn2Rives.webp","width":1526,"height":1920,"caption":"L'Orchestre De Cirque En 2 Rives"},{"@type":"BreadcrumbList","@id":"https:\/\/noelencirque.org\/index.php\/2025\/05\/29\/lorchestre-de-cirque-en-2-rives\/#breadcrumb","itemListElement":[{"@type":"ListItem","position":1,"name":"Accueil","item":"https:\/\/noelencirque.org\/"},{"@type":"ListItem","position":2,"name":"L&rsquo;Orchestre De Cirque En 2 Rives"}]},{"@type":"WebSite","@id":"https:\/\/noelencirque.org\/#website","url":"https:\/\/noelencirque.org\/","name":"No\u00ebl en Cirque","description":"Oh l\u00e0 l\u00e0 l\u00e0 c&#039;est magnifique !","publisher":{"@id":"https:\/\/noelencirque.org\/#organization"},"potentialAction":[{"@type":"SearchAction","target":{"@type":"EntryPoint","urlTemplate":"https:\/\/noelencirque.org\/?s={search_term_string}"},"query-input":{"@type":"PropertyValueSpecification","valueRequired":true,"valueName":"search_term_string"}}],"inLanguage":"fr-FR"},{"@type":"Organization","@id":"https:\/\/noelencirque.org\/#organization","name":"No\u00ebl en Cirque","url":"https:\/\/noelencirque.org\/","logo":{"@type":"ImageObject","inLanguage":"fr-FR","@id":"https:\/\/noelencirque.org\/#\/schema\/logo\/image\/","url":"https:\/\/noelencirque.org\/wp-content\/uploads\/2023\/10\/LOGO_NoelEnCirque_new.jpg","contentUrl":"https:\/\/noelencirque.org\/wp-content\/uploads\/2023\/10\/LOGO_NoelEnCirque_new.jpg","width":536,"height":510,"caption":"No\u00ebl en Cirque"},"image":{"@id":"https:\/\/noelencirque.org\/#\/schema\/logo\/image\/"},"sameAs":["https:\/\/www.facebook.com\/profile.php?id=100093987205867"]},{"@type":"Person","@id":"https:\/\/noelencirque.org\/#\/schema\/person\/797bc8392a0126cfcc839b2601045dcb","name":"St\u00e9phan","image":{"@type":"ImageObject","inLanguage":"fr-FR","@id":"https:\/\/secure.gravatar.com\/avatar\/941cdb528768650db7381917cdf6c89c5e727a8daa216fcb19fa6eaeb7509324?s=96&d=mm&r=g","url":"https:\/\/secure.gravatar.com\/avatar\/941cdb528768650db7381917cdf6c89c5e727a8daa216fcb19fa6eaeb7509324?s=96&d=mm&r=g","contentUrl":"https:\/\/secure.gravatar.com\/avatar\/941cdb528768650db7381917cdf6c89c5e727a8daa216fcb19fa6eaeb7509324?s=96&d=mm&r=g","caption":"St\u00e9phan"},"sameAs":["http:\/\/noelencirque.org"],"url":"https:\/\/noelencirque.org\/index.php\/author\/admin8784\/"}]}},"_links":{"self":[{"href":"https:\/\/noelencirque.org\/index.php\/wp-json\/wp\/v2\/posts\/641","targetHints":{"allow":["GET"]}}],"collection":[{"href":"https:\/\/noelencirque.org\/index.php\/wp-json\/wp\/v2\/posts"}],"about":[{"href":"https:\/\/noelencirque.org\/index.php\/wp-json\/wp\/v2\/types\/post"}],"author":[{"embeddable":true,"href":"https:\/\/noelencirque.org\/index.php\/wp-json\/wp\/v2\/users\/1"}],"replies":[{"embeddable":true,"href":"https:\/\/noelencirque.org\/index.php\/wp-json\/wp\/v2\/comments?post=641"}],"version-history":[{"count":2,"href":"https:\/\/noelencirque.org\/index.php\/wp-json\/wp\/v2\/posts\/641\/revisions"}],"predecessor-version":[{"id":654,"href":"https:\/\/noelencirque.org\/index.php\/wp-json\/wp\/v2\/posts\/641\/revisions\/654"}],"wp:featuredmedia":[{"embeddable":true,"href":"https:\/\/noelencirque.org\/index.php\/wp-json\/wp\/v2\/media\/642"}],"wp:attachment":[{"href":"https:\/\/noelencirque.org\/index.php\/wp-json\/wp\/v2\/media?parent=641"}],"wp:term":[{"taxonomy":"category","embeddable":true,"href":"https:\/\/noelencirque.org\/index.php\/wp-json\/wp\/v2\/categories?post=641"},{"taxonomy":"post_tag","embeddable":true,"href":"https:\/\/noelencirque.org\/index.php\/wp-json\/wp\/v2\/tags?post=641"}],"curies":[{"name":"wp","href":"https:\/\/api.w.org\/{rel}","templated":true}]}}